{"id":5676,"date":"2026-04-21T14:23:49","date_gmt":"2026-04-21T14:23:49","guid":{"rendered":"https:\/\/floridaglobal.university\/?p=5676"},"modified":"2026-04-21T16:36:58","modified_gmt":"2026-04-21T16:36:58","slug":"fgu-y-tstt-presentan-programa-de-formacion-y-capacitacion-para-profesionales-e-instituciones","status":"publish","type":"post","link":"https:\/\/floridaglobal.university\/es\/2026\/04\/21\/fgu-y-tstt-presentan-programa-de-formacion-y-capacitacion-para-profesionales-e-instituciones\/","title":{"rendered":"FGU y TSTT presentan programa de formaci\u00f3n y capacitaci\u00f3n para profesionales e instituciones"},"content":{"rendered":"\n<p>Atendiendo las necesidades del turismo global, el Tourism Society Think Tank (TSTT) y Florida Global University (FGU) se unen en la apertura de programas ya activos a la participaci\u00f3n de individuos, instituciones acad\u00e9micas, empresas y organismos p\u00fablicos a nivel mundial, vinculadas al sector tur\u00edstico y de sociedad.<\/p>\n\n\n\n<p>A diferencia de otras iniciativas, estos programas son de <strong>ejecuci\u00f3n inmediata<\/strong>, eliminando las barreras entre la formaci\u00f3n te\u00f3rica y la aplicaci\u00f3n pr\u00e1ctica en el mercado real.<\/p>\n\n\n\n<h3 class=\"wp-block-heading\"><strong>Ejes principales de la oferta formativa:<\/strong><\/h3>\n\n\n\n<ul class=\"wp-block-list\">\n<li><strong>Para Profesionales:<\/strong> Acceso directo a licenciaturas, maestr\u00edas y doctorados con certificaci\u00f3n internacional, dise\u00f1ados para elevar la competitividad laboral.&nbsp;<\/li>\n\n\n\n<li><strong>Para Instituciones Educativas:<\/strong> Programas de aval acad\u00e9mico y certificaciones (CEL) que permiten a escuelas de negocios y universidades elevar sus est\u00e1ndares bajo el paraguas de FGU.<\/li>\n\n\n\n<li><strong>Internacionalizaci\u00f3n (Global Degree Program):<\/strong> Oportunidades de doble titulaci\u00f3n para universidades, facilitando estructuras acad\u00e9micas compartidas a nivel mundial.<\/li>\n\n\n\n<li><strong>Sector Corporativo y Gobiernos:<\/strong> Programas ejecutivos a medida y la <em>Academic Executive Week (SEA, Semana Ejecutiva Acad\u00e9mica)<\/em>, enfocados en la movilidad internacional y la resoluci\u00f3n de desaf\u00edos estrat\u00e9gicos en tiempo real.<\/li>\n<\/ul>\n\n\n\n<p>\u00abLa formaci\u00f3n ha dejado de ser un plan a largo plazo para convertirse en una herramienta estrat\u00e9gica de aplicaci\u00f3n inmediata\u00bb, se\u00f1alan las instituciones en su comunicado.<\/p>\n\n\n\n<p>Gracias a una metodolog\u00eda 100% digital y flexible, la alianza elimina las fronteras geogr\u00e1ficas, permitiendo que cualquier actor del ecosistema tur\u00edstico \u2014desde estudiantes hasta organismos p\u00fablicos\u2014 acceda a conocimientos de vanguardia para enfrentar los retos de un entorno cada vez m\u00e1s exigente.<\/p>\n\n\n\n<p><a href=\"https:\/\/www.tourismandsocietytt.com\/noticias-y-newsletter\/2026\/2026-abril\/ultimas-noticias\/presentado-programa-formaci%C3%B3n-capacitaci%C3%B3n-tstt-florida-global-university\" target=\"_blank\" rel=\"noreferrer noopener\">Conoce m\u00e1s informaci\u00f3n aqu\u00ed.<\/a>\u00a0<\/p>\n\n\n\n<p><\/p>\n","protected":false},"excerpt":{"rendered":"<p>FGU y TSTT lanzan programas de formaci\u00f3n en turismo 100% digitales para profesionales e instituciones. Impulsa tu carrera con certificaciones internacionales.<\/p>\n","protected":false},"author":7,"featured_media":5689,"comment_status":"closed","ping_status":"closed","sticky":false,"template":"","format":"standard","meta":{"footnotes":""},"categories":[8,10,1],"tags":[184,185,22,179,183,19,20,182,186,178,181,177,175,174],"class_list":["post-5676","post","type-post","status-publish","format-standard","has-post-thumbnail","hentry","category-alianzas","category-grupo-fgu","category-sin-categoria","tag-capacitacion-profesional","tag-certificacion-internacional","tag-doble-titulacion","tag-doctorados","tag-educacion-digital","tag-fgu","tag-florida-global-university","tag-formacion-en-turismo","tag-internacionalizacion-academica","tag-licenciaturas","tag-programas-ejecutivos","tag-sector-turistico","tag-tourism-society-think-tank","tag-tstt"],"yoast_head":"<!-- This site is optimized with the Yoast SEO plugin v27.4 - https:\/\/yoast.com\/product\/yoast-seo-wordpress\/ -->\n<title>FGU y TSTT presentan programa de formaci\u00f3n y capacitaci\u00f3n para profesionales e instituciones - Florida Global University<\/title>\n<meta name=\"description\" content=\"FGU y TSTT lanzan programas de formaci\u00f3n en turismo 100% digitales para profesionales e instituciones. Impulsa tu carrera con certificaciones internacionales.\" \/>\n<meta name=\"robots\" content=\"index, follow, max-snippet:-1, max-image-preview:large, max-video-preview:-1\" \/>\n<link rel=\"canonical\" href=\"https:\/\/floridaglobal.university\/es\/2026\/04\/21\/fgu-y-tstt-presentan-programa-de-formacion-y-capacitacion-para-profesionales-e-instituciones\/\" \/>\n<meta property=\"og:locale\" content=\"es_ES\" \/>\n<meta property=\"og:type\" content=\"article\" \/>\n<meta property=\"og:title\" content=\"FGU y TSTT presentan programa de formaci\u00f3n y capacitaci\u00f3n para profesionales e instituciones - Florida Global University\" \/>\n<meta property=\"og:description\" content=\"FGU y TSTT lanzan programas de formaci\u00f3n en turismo 100% digitales para profesionales e instituciones. Impulsa tu carrera con certificaciones internacionales.\" \/>\n<meta property=\"og:url\" content=\"https:\/\/floridaglobal.university\/es\/2026\/04\/21\/fgu-y-tstt-presentan-programa-de-formacion-y-capacitacion-para-profesionales-e-instituciones\/\" \/>\n<meta property=\"og:site_name\" content=\"Florida Global University\" \/>\n<meta property=\"article:published_time\" content=\"2026-04-21T14:23:49+00:00\" \/>\n<meta property=\"article:modified_time\" content=\"2026-04-21T16:36:58+00:00\" \/>\n<meta property=\"og:image\" content=\"https:\/\/floridaglobal.university\/wp-content\/uploads\/2026\/04\/FGU-Y-TSTT.jpg.jpeg\" \/>\n\t<meta property=\"og:image:width\" content=\"2560\" \/>\n\t<meta property=\"og:image:height\" content=\"1440\" \/>\n\t<meta property=\"og:image:type\" content=\"image\/jpeg\" \/>\n<meta name=\"author\" content=\"Jorge Marchena\" \/>\n<meta name=\"twitter:card\" content=\"summary_large_image\" \/>\n<meta name=\"twitter:label1\" content=\"Escrito por\" \/>\n\t<meta name=\"twitter:data1\" content=\"Jorge Marchena\" \/>\n\t<meta name=\"twitter:label2\" content=\"Tiempo de lectura\" \/>\n\t<meta name=\"twitter:data2\" content=\"2 minutos\" \/>\n<script type=\"application\/ld+json\" class=\"yoast-schema-graph\">{\"@context\":\"https:\\\/\\\/schema.org\",\"@graph\":[{\"@type\":\"Article\",\"@id\":\"https:\\\/\\\/floridaglobal.university\\\/es\\\/2026\\\/04\\\/21\\\/fgu-y-tstt-presentan-programa-de-formacion-y-capacitacion-para-profesionales-e-instituciones\\\/#article\",\"isPartOf\":{\"@id\":\"https:\\\/\\\/floridaglobal.university\\\/es\\\/2026\\\/04\\\/21\\\/fgu-y-tstt-presentan-programa-de-formacion-y-capacitacion-para-profesionales-e-instituciones\\\/\"},\"author\":{\"name\":\"Jorge Marchena\",\"@id\":\"https:\\\/\\\/floridaglobal.university\\\/es\\\/#\\\/schema\\\/person\\\/2467586659ca1329c5917f404230f838\"},\"headline\":\"FGU y TSTT presentan programa de formaci\u00f3n y capacitaci\u00f3n para profesionales e instituciones\",\"datePublished\":\"2026-04-21T14:23:49+00:00\",\"dateModified\":\"2026-04-21T16:36:58+00:00\",\"mainEntityOfPage\":{\"@id\":\"https:\\\/\\\/floridaglobal.university\\\/es\\\/2026\\\/04\\\/21\\\/fgu-y-tstt-presentan-programa-de-formacion-y-capacitacion-para-profesionales-e-instituciones\\\/\"},\"wordCount\":290,\"publisher\":{\"@id\":\"https:\\\/\\\/floridaglobal.university\\\/es\\\/#organization\"},\"image\":{\"@id\":\"https:\\\/\\\/floridaglobal.university\\\/es\\\/2026\\\/04\\\/21\\\/fgu-y-tstt-presentan-programa-de-formacion-y-capacitacion-para-profesionales-e-instituciones\\\/#primaryimage\"},\"thumbnailUrl\":\"https:\\\/\\\/floridaglobal.university\\\/wp-content\\\/uploads\\\/2026\\\/04\\\/FGU-Y-TSTT.jpg.jpeg\",\"keywords\":[\"Capacitaci\u00f3n profesional\",\"Certificaci\u00f3n internacional\",\"Doble titulaci\u00f3n\",\"Doctorados\",\"Educaci\u00f3n digital\",\"FGU\",\"Florida Global University\",\"Formaci\u00f3n en turismo\",\"Internacionalizaci\u00f3n acad\u00e9mica\",\"Licenciaturas\",\"Programas ejecutivos\",\"Sector tur\u00edstico\",\"Tourism Society Think Tank\",\"TSTT\"],\"articleSection\":[\"Alianzas\",\"Grupo FGU\"],\"inLanguage\":\"es\"},{\"@type\":\"WebPage\",\"@id\":\"https:\\\/\\\/floridaglobal.university\\\/es\\\/2026\\\/04\\\/21\\\/fgu-y-tstt-presentan-programa-de-formacion-y-capacitacion-para-profesionales-e-instituciones\\\/\",\"url\":\"https:\\\/\\\/floridaglobal.university\\\/es\\\/2026\\\/04\\\/21\\\/fgu-y-tstt-presentan-programa-de-formacion-y-capacitacion-para-profesionales-e-instituciones\\\/\",\"name\":\"FGU y TSTT presentan programa de formaci\u00f3n y capacitaci\u00f3n para profesionales e instituciones - Florida Global University\",\"isPartOf\":{\"@id\":\"https:\\\/\\\/floridaglobal.university\\\/es\\\/#website\"},\"primaryImageOfPage\":{\"@id\":\"https:\\\/\\\/floridaglobal.university\\\/es\\\/2026\\\/04\\\/21\\\/fgu-y-tstt-presentan-programa-de-formacion-y-capacitacion-para-profesionales-e-instituciones\\\/#primaryimage\"},\"image\":{\"@id\":\"https:\\\/\\\/floridaglobal.university\\\/es\\\/2026\\\/04\\\/21\\\/fgu-y-tstt-presentan-programa-de-formacion-y-capacitacion-para-profesionales-e-instituciones\\\/#primaryimage\"},\"thumbnailUrl\":\"https:\\\/\\\/floridaglobal.university\\\/wp-content\\\/uploads\\\/2026\\\/04\\\/FGU-Y-TSTT.jpg.jpeg\",\"datePublished\":\"2026-04-21T14:23:49+00:00\",\"dateModified\":\"2026-04-21T16:36:58+00:00\",\"description\":\"FGU y TSTT lanzan programas de formaci\u00f3n en turismo 100% digitales para profesionales e instituciones. Impulsa tu carrera con certificaciones internacionales.\",\"breadcrumb\":{\"@id\":\"https:\\\/\\\/floridaglobal.university\\\/es\\\/2026\\\/04\\\/21\\\/fgu-y-tstt-presentan-programa-de-formacion-y-capacitacion-para-profesionales-e-instituciones\\\/#breadcrumb\"},\"inLanguage\":\"es\",\"potentialAction\":[{\"@type\":\"ReadAction\",\"target\":[\"https:\\\/\\\/floridaglobal.university\\\/es\\\/2026\\\/04\\\/21\\\/fgu-y-tstt-presentan-programa-de-formacion-y-capacitacion-para-profesionales-e-instituciones\\\/\"]}]},{\"@type\":\"ImageObject\",\"inLanguage\":\"es\",\"@id\":\"https:\\\/\\\/floridaglobal.university\\\/es\\\/2026\\\/04\\\/21\\\/fgu-y-tstt-presentan-programa-de-formacion-y-capacitacion-para-profesionales-e-instituciones\\\/#primaryimage\",\"url\":\"https:\\\/\\\/floridaglobal.university\\\/wp-content\\\/uploads\\\/2026\\\/04\\\/FGU-Y-TSTT.jpg.jpeg\",\"contentUrl\":\"https:\\\/\\\/floridaglobal.university\\\/wp-content\\\/uploads\\\/2026\\\/04\\\/FGU-Y-TSTT.jpg.jpeg\",\"width\":2560,\"height\":1440},{\"@type\":\"BreadcrumbList\",\"@id\":\"https:\\\/\\\/floridaglobal.university\\\/es\\\/2026\\\/04\\\/21\\\/fgu-y-tstt-presentan-programa-de-formacion-y-capacitacion-para-profesionales-e-instituciones\\\/#breadcrumb\",\"itemListElement\":[{\"@type\":\"ListItem\",\"position\":1,\"name\":\"Portada\",\"item\":\"https:\\\/\\\/floridaglobal.university\\\/es\\\/\"},{\"@type\":\"ListItem\",\"position\":2,\"name\":\"FGU y TSTT presentan programa de formaci\u00f3n y capacitaci\u00f3n para profesionales e instituciones\"}]},{\"@type\":\"WebSite\",\"@id\":\"https:\\\/\\\/floridaglobal.university\\\/es\\\/#website\",\"url\":\"https:\\\/\\\/floridaglobal.university\\\/es\\\/\",\"name\":\"Florida Global University\",\"description\":\"\",\"publisher\":{\"@id\":\"https:\\\/\\\/floridaglobal.university\\\/es\\\/#organization\"},\"potentialAction\":[{\"@type\":\"SearchAction\",\"target\":{\"@type\":\"EntryPoint\",\"urlTemplate\":\"https:\\\/\\\/floridaglobal.university\\\/es\\\/?s={search_term_string}\"},\"query-input\":{\"@type\":\"PropertyValueSpecification\",\"valueRequired\":true,\"valueName\":\"search_term_string\"}}],\"inLanguage\":\"es\"},{\"@type\":\"Organization\",\"@id\":\"https:\\\/\\\/floridaglobal.university\\\/es\\\/#organization\",\"name\":\"Florida Global University\",\"url\":\"https:\\\/\\\/floridaglobal.university\\\/es\\\/\",\"logo\":{\"@type\":\"ImageObject\",\"inLanguage\":\"es\",\"@id\":\"https:\\\/\\\/floridaglobal.university\\\/es\\\/#\\\/schema\\\/logo\\\/image\\\/\",\"url\":\"https:\\\/\\\/floridaglobal.university\\\/wp-content\\\/uploads\\\/2025\\\/08\\\/logoFguBlanco.png\",\"contentUrl\":\"https:\\\/\\\/floridaglobal.university\\\/wp-content\\\/uploads\\\/2025\\\/08\\\/logoFguBlanco.png\",\"width\":2560,\"height\":845,\"caption\":\"Florida Global University\"},\"image\":{\"@id\":\"https:\\\/\\\/floridaglobal.university\\\/es\\\/#\\\/schema\\\/logo\\\/image\\\/\"}},{\"@type\":\"Person\",\"@id\":\"https:\\\/\\\/floridaglobal.university\\\/es\\\/#\\\/schema\\\/person\\\/2467586659ca1329c5917f404230f838\",\"name\":\"Jorge Marchena\",\"image\":{\"@type\":\"ImageObject\",\"inLanguage\":\"es\",\"@id\":\"https:\\\/\\\/secure.gravatar.com\\\/avatar\\\/9733735580bf4170a2619fb8a4a41e49103f0ae15014735fa37c7dbe1f124ba5?s=96&d=mm&r=g\",\"url\":\"https:\\\/\\\/secure.gravatar.com\\\/avatar\\\/9733735580bf4170a2619fb8a4a41e49103f0ae15014735fa37c7dbe1f124ba5?s=96&d=mm&r=g\",\"contentUrl\":\"https:\\\/\\\/secure.gravatar.com\\\/avatar\\\/9733735580bf4170a2619fb8a4a41e49103f0ae15014735fa37c7dbe1f124ba5?s=96&d=mm&r=g\",\"caption\":\"Jorge Marchena\"},\"url\":\"https:\\\/\\\/floridaglobal.university\\\/es\\\/author\\\/jorge-marchenafloridaglobal-university\\\/\"}]}<\/script>\n<!-- \/ Yoast SEO plugin. -->","yoast_head_json":{"title":"FGU y TSTT presentan programa de formaci\u00f3n y capacitaci\u00f3n para profesionales e instituciones - Florida Global University","description":"FGU y TSTT lanzan programas de formaci\u00f3n en turismo 100% digitales para profesionales e instituciones. Impulsa tu carrera con certificaciones internacionales.","robots":{"index":"index","follow":"follow","max-snippet":"max-snippet:-1","max-image-preview":"max-image-preview:large","max-video-preview":"max-video-preview:-1"},"canonical":"https:\/\/floridaglobal.university\/es\/2026\/04\/21\/fgu-y-tstt-presentan-programa-de-formacion-y-capacitacion-para-profesionales-e-instituciones\/","og_locale":"es_ES","og_type":"article","og_title":"FGU y TSTT presentan programa de formaci\u00f3n y capacitaci\u00f3n para profesionales e instituciones - Florida Global University","og_description":"FGU y TSTT lanzan programas de formaci\u00f3n en turismo 100% digitales para profesionales e instituciones. Impulsa tu carrera con certificaciones internacionales.","og_url":"https:\/\/floridaglobal.university\/es\/2026\/04\/21\/fgu-y-tstt-presentan-programa-de-formacion-y-capacitacion-para-profesionales-e-instituciones\/","og_site_name":"Florida Global University","article_published_time":"2026-04-21T14:23:49+00:00","article_modified_time":"2026-04-21T16:36:58+00:00","og_image":[{"width":2560,"height":1440,"url":"https:\/\/floridaglobal.university\/wp-content\/uploads\/2026\/04\/FGU-Y-TSTT.jpg.jpeg","type":"image\/jpeg"}],"author":"Jorge Marchena","twitter_card":"summary_large_image","twitter_misc":{"Escrito por":"Jorge Marchena","Tiempo de lectura":"2 minutos"},"schema":{"@context":"https:\/\/schema.org","@graph":[{"@type":"Article","@id":"https:\/\/floridaglobal.university\/es\/2026\/04\/21\/fgu-y-tstt-presentan-programa-de-formacion-y-capacitacion-para-profesionales-e-instituciones\/#article","isPartOf":{"@id":"https:\/\/floridaglobal.university\/es\/2026\/04\/21\/fgu-y-tstt-presentan-programa-de-formacion-y-capacitacion-para-profesionales-e-instituciones\/"},"author":{"name":"Jorge Marchena","@id":"https:\/\/floridaglobal.university\/es\/#\/schema\/person\/2467586659ca1329c5917f404230f838"},"headline":"FGU y TSTT presentan programa de formaci\u00f3n y capacitaci\u00f3n para profesionales e instituciones","datePublished":"2026-04-21T14:23:49+00:00","dateModified":"2026-04-21T16:36:58+00:00","mainEntityOfPage":{"@id":"https:\/\/floridaglobal.university\/es\/2026\/04\/21\/fgu-y-tstt-presentan-programa-de-formacion-y-capacitacion-para-profesionales-e-instituciones\/"},"wordCount":290,"publisher":{"@id":"https:\/\/floridaglobal.university\/es\/#organization"},"image":{"@id":"https:\/\/floridaglobal.university\/es\/2026\/04\/21\/fgu-y-tstt-presentan-programa-de-formacion-y-capacitacion-para-profesionales-e-instituciones\/#primaryimage"},"thumbnailUrl":"https:\/\/floridaglobal.university\/wp-content\/uploads\/2026\/04\/FGU-Y-TSTT.jpg.jpeg","keywords":["Capacitaci\u00f3n profesional","Certificaci\u00f3n internacional","Doble titulaci\u00f3n","Doctorados","Educaci\u00f3n digital","FGU","Florida Global University","Formaci\u00f3n en turismo","Internacionalizaci\u00f3n acad\u00e9mica","Licenciaturas","Programas ejecutivos","Sector tur\u00edstico","Tourism Society Think Tank","TSTT"],"articleSection":["Alianzas","Grupo FGU"],"inLanguage":"es"},{"@type":"WebPage","@id":"https:\/\/floridaglobal.university\/es\/2026\/04\/21\/fgu-y-tstt-presentan-programa-de-formacion-y-capacitacion-para-profesionales-e-instituciones\/","url":"https:\/\/floridaglobal.university\/es\/2026\/04\/21\/fgu-y-tstt-presentan-programa-de-formacion-y-capacitacion-para-profesionales-e-instituciones\/","name":"FGU y TSTT presentan programa de formaci\u00f3n y capacitaci\u00f3n para profesionales e instituciones - Florida Global University","isPartOf":{"@id":"https:\/\/floridaglobal.university\/es\/#website"},"primaryImageOfPage":{"@id":"https:\/\/floridaglobal.university\/es\/2026\/04\/21\/fgu-y-tstt-presentan-programa-de-formacion-y-capacitacion-para-profesionales-e-instituciones\/#primaryimage"},"image":{"@id":"https:\/\/floridaglobal.university\/es\/2026\/04\/21\/fgu-y-tstt-presentan-programa-de-formacion-y-capacitacion-para-profesionales-e-instituciones\/#primaryimage"},"thumbnailUrl":"https:\/\/floridaglobal.university\/wp-content\/uploads\/2026\/04\/FGU-Y-TSTT.jpg.jpeg","datePublished":"2026-04-21T14:23:49+00:00","dateModified":"2026-04-21T16:36:58+00:00","description":"FGU y TSTT lanzan programas de formaci\u00f3n en turismo 100% digitales para profesionales e instituciones. Impulsa tu carrera con certificaciones internacionales.","breadcrumb":{"@id":"https:\/\/floridaglobal.university\/es\/2026\/04\/21\/fgu-y-tstt-presentan-programa-de-formacion-y-capacitacion-para-profesionales-e-instituciones\/#breadcrumb"},"inLanguage":"es","potentialAction":[{"@type":"ReadAction","target":["https:\/\/floridaglobal.university\/es\/2026\/04\/21\/fgu-y-tstt-presentan-programa-de-formacion-y-capacitacion-para-profesionales-e-instituciones\/"]}]},{"@type":"ImageObject","inLanguage":"es","@id":"https:\/\/floridaglobal.university\/es\/2026\/04\/21\/fgu-y-tstt-presentan-programa-de-formacion-y-capacitacion-para-profesionales-e-instituciones\/#primaryimage","url":"https:\/\/floridaglobal.university\/wp-content\/uploads\/2026\/04\/FGU-Y-TSTT.jpg.jpeg","contentUrl":"https:\/\/floridaglobal.university\/wp-content\/uploads\/2026\/04\/FGU-Y-TSTT.jpg.jpeg","width":2560,"height":1440},{"@type":"BreadcrumbList","@id":"https:\/\/floridaglobal.university\/es\/2026\/04\/21\/fgu-y-tstt-presentan-programa-de-formacion-y-capacitacion-para-profesionales-e-instituciones\/#breadcrumb","itemListElement":[{"@type":"ListItem","position":1,"name":"Portada","item":"https:\/\/floridaglobal.university\/es\/"},{"@type":"ListItem","position":2,"name":"FGU y TSTT presentan programa de formaci\u00f3n y capacitaci\u00f3n para profesionales e instituciones"}]},{"@type":"WebSite","@id":"https:\/\/floridaglobal.university\/es\/#website","url":"https:\/\/floridaglobal.university\/es\/","name":"Florida Global University","description":"","publisher":{"@id":"https:\/\/floridaglobal.university\/es\/#organization"},"potentialAction":[{"@type":"SearchAction","target":{"@type":"EntryPoint","urlTemplate":"https:\/\/floridaglobal.university\/es\/?s={search_term_string}"},"query-input":{"@type":"PropertyValueSpecification","valueRequired":true,"valueName":"search_term_string"}}],"inLanguage":"es"},{"@type":"Organization","@id":"https:\/\/floridaglobal.university\/es\/#organization","name":"Florida Global University","url":"https:\/\/floridaglobal.university\/es\/","logo":{"@type":"ImageObject","inLanguage":"es","@id":"https:\/\/floridaglobal.university\/es\/#\/schema\/logo\/image\/","url":"https:\/\/floridaglobal.university\/wp-content\/uploads\/2025\/08\/logoFguBlanco.png","contentUrl":"https:\/\/floridaglobal.university\/wp-content\/uploads\/2025\/08\/logoFguBlanco.png","width":2560,"height":845,"caption":"Florida Global University"},"image":{"@id":"https:\/\/floridaglobal.university\/es\/#\/schema\/logo\/image\/"}},{"@type":"Person","@id":"https:\/\/floridaglobal.university\/es\/#\/schema\/person\/2467586659ca1329c5917f404230f838","name":"Jorge Marchena","image":{"@type":"ImageObject","inLanguage":"es","@id":"https:\/\/secure.gravatar.com\/avatar\/9733735580bf4170a2619fb8a4a41e49103f0ae15014735fa37c7dbe1f124ba5?s=96&d=mm&r=g","url":"https:\/\/secure.gravatar.com\/avatar\/9733735580bf4170a2619fb8a4a41e49103f0ae15014735fa37c7dbe1f124ba5?s=96&d=mm&r=g","contentUrl":"https:\/\/secure.gravatar.com\/avatar\/9733735580bf4170a2619fb8a4a41e49103f0ae15014735fa37c7dbe1f124ba5?s=96&d=mm&r=g","caption":"Jorge Marchena"},"url":"https:\/\/floridaglobal.university\/es\/author\/jorge-marchenafloridaglobal-university\/"}]}},"_links":{"self":[{"href":"https:\/\/floridaglobal.university\/es\/wp-json\/wp\/v2\/posts\/5676","targetHints":{"allow":["GET"]}}],"collection":[{"href":"https:\/\/floridaglobal.university\/es\/wp-json\/wp\/v2\/posts"}],"about":[{"href":"https:\/\/floridaglobal.university\/es\/wp-json\/wp\/v2\/types\/post"}],"author":[{"embeddable":true,"href":"https:\/\/floridaglobal.university\/es\/wp-json\/wp\/v2\/users\/7"}],"replies":[{"embeddable":true,"href":"https:\/\/floridaglobal.university\/es\/wp-json\/wp\/v2\/comments?post=5676"}],"version-history":[{"count":3,"href":"https:\/\/floridaglobal.university\/es\/wp-json\/wp\/v2\/posts\/5676\/revisions"}],"predecessor-version":[{"id":5692,"href":"https:\/\/floridaglobal.university\/es\/wp-json\/wp\/v2\/posts\/5676\/revisions\/5692"}],"wp:featuredmedia":[{"embeddable":true,"href":"https:\/\/floridaglobal.university\/es\/wp-json\/wp\/v2\/media\/5689"}],"wp:attachment":[{"href":"https:\/\/floridaglobal.university\/es\/wp-json\/wp\/v2\/media?parent=5676"}],"wp:term":[{"taxonomy":"category","embeddable":true,"href":"https:\/\/floridaglobal.university\/es\/wp-json\/wp\/v2\/categories?post=5676"},{"taxonomy":"post_tag","embeddable":true,"href":"https:\/\/floridaglobal.university\/es\/wp-json\/wp\/v2\/tags?post=5676"}],"curies":[{"name":"wp","href":"https:\/\/api.w.org\/{rel}","templated":true}]}}